{"id":494,"date":"2013-03-05T12:38:57","date_gmt":"2013-03-05T11:38:57","guid":{"rendered":"http:\/\/www.chiquibike.com\/?p=494"},"modified":"2013-03-05T12:38:57","modified_gmt":"2013-03-05T11:38:57","slug":"comienza-la-copa-caja-rural","status":"publish","type":"post","link":"https:\/\/www.chiquibike.com\/?p=494","title":{"rendered":"COMIENZA LA COPA CAJA RURAL"},"content":{"rendered":"<p style=\"text-align: center;\"><a href=\"http:\/\/www.chiquibike.com\/wp-content\/uploads\/BAJADA.jpg\" rel=\"lightbox[494]\"><img loading=\"lazy\" decoding=\"async\" class=\"aligncenter  wp-image-495\" alt=\"BAJADA\" src=\"http:\/\/www.chiquibike.com\/wp-content\/uploads\/BAJADA.jpg\" width=\"700\" height=\"500\" \/><\/a><\/p>\n<p style=\"text-align: center;\">Arranc\u00f3 la temporada oficial de Mountain bike en Navarra. La Copa Caja Rural daba,\u00a0el domingo 3 de marzo, el pistoletazo de salida en la localidad navarra de Izcue. El corredor del Chiquibike \/ Termia \u00bb TiTo\u00bb Espada part\u00eda como unos de los favoritos a la victoria final<var><\/var>, despu\u00e9s de demostrar en Madrid hace escasos d\u00edas, con ese 2\u00ba puesto, <var><\/var>su estado de forma. El tudelano se presentaba en la linea de salida con rivales nuevos, recien pasados de categoria y con un fuerte catarro que no le dejaba respirar bien. A\u00fan con todo el biker tudelano arranc\u00f3 sin contemplaciones y aunque uno de sus rivales le aguant\u00f3 media vuelta, Espada pasaba con algo m\u00e1s de medio minuto de ventaja en el primero de los cuatro giros de que constaba la carrera,\u00a0 sobre su rival m\u00e1s cercano. Vuelta a vuelta Espada aumentaba sus diferencias hasta terminar sacando casi siete minutos de ventaja al 2\u00ba y 3\u00ba clasificado al final de la prueba. \u00abEstamos en un estado de forma envidiable. Esperemos seguir as\u00ed aunque esto no ha hecho nada m\u00e1s que empezar\u00bb<\/p>\n<p style=\"text-align: center;\">\u00a1\u00a1Enhorabuena TITO!!<\/p>\n<p style=\"text-align: center;\"><a href=\"http:\/\/www.chiquibike.com\/wp-content\/uploads\/lideres.jpg\" rel=\"lightbox[494]\"><img loading=\"lazy\" decoding=\"async\" class=\"aligncenter  wp-image-496\" alt=\"lideres\" src=\"http:\/\/www.chiquibike.com\/wp-content\/uploads\/lideres.jpg\" width=\"700\" height=\"500\" \/><\/a><\/p>\n","protected":false},"excerpt":{"rendered":"<p>Arranc\u00f3 la temporada oficial de Mountain bike en Navarra. La Copa Caja Rural daba,\u00a0el domingo 3 de marzo, el pistoletazo de salida en la localidad navarra de Izcue. El corredor del Chiquibike \/ Termia \u00bb TiTo\u00bb Espada part\u00eda como unos de los favoritos a la victoria final, despu\u00e9s de demostrar en Madrid hace escasos d\u00edas, [&hellip;]<\/p>\n","protected":false},"author":1,"featured_media":0,"comment_status":"open","ping_status":"open","sticky":false,"template":"","format":"standard","meta":{"footnotes":""},"categories":[1],"tags":[],"class_list":["post-494","post","type-post","status-publish","format-standard","hentry","category-uncategorized"],"_links":{"self":[{"href":"https:\/\/www.chiquibike.com\/index.php?rest_route=\/wp\/v2\/posts\/494","targetHints":{"allow":["GET"]}}],"collection":[{"href":"https:\/\/www.chiquibike.com\/index.php?rest_route=\/wp\/v2\/posts"}],"about":[{"href":"https:\/\/www.chiquibike.com\/index.php?rest_route=\/wp\/v2\/types\/post"}],"author":[{"embeddable":true,"href":"https:\/\/www.chiquibike.com\/index.php?rest_route=\/wp\/v2\/users\/1"}],"replies":[{"embeddable":true,"href":"https:\/\/www.chiquibike.com\/index.php?rest_route=%2Fwp%2Fv2%2Fcomments&post=494"}],"version-history":[{"count":2,"href":"https:\/\/www.chiquibike.com\/index.php?rest_route=\/wp\/v2\/posts\/494\/revisions"}],"predecessor-version":[{"id":498,"href":"https:\/\/www.chiquibike.com\/index.php?rest_route=\/wp\/v2\/posts\/494\/revisions\/498"}],"wp:attachment":[{"href":"https:\/\/www.chiquibike.com\/index.php?rest_route=%2Fwp%2Fv2%2Fmedia&parent=494"}],"wp:term":[{"taxonomy":"category","embeddable":true,"href":"https:\/\/www.chiquibike.com\/index.php?rest_route=%2Fwp%2Fv2%2Fcategories&post=494"},{"taxonomy":"post_tag","embeddable":true,"href":"https:\/\/www.chiquibike.com\/index.php?rest_route=%2Fwp%2Fv2%2Ftags&post=494"}],"curies":[{"name":"wp","href":"https:\/\/api.w.org\/{rel}","templated":true}]}}